{"id":5055,"date":"2020-05-28T13:31:20","date_gmt":"2020-05-28T11:31:20","guid":{"rendered":"https:\/\/aim-associes.com\/actualites\/quelles-sont-les-dimensions-dune-negociation\/"},"modified":"2021-11-08T18:53:09","modified_gmt":"2021-11-08T16:53:09","slug":"quelles-sont-les-dimensions-dune-negociation","status":"publish","type":"post","link":"https:\/\/aim-associes.com\/fr\/apprentissage\/quelles-sont-les-dimensions-dune-negociation\/","title":{"rendered":"Quelles sont les dimensions d\u2019une n\u00e9gociation ?"},"content":{"rendered":"<p>Il y a plusieurs dimensions \u00e0 une n\u00e9gociation. Prendre conscience de ces dimensions et ma\u00eetriser une bo\u00eete \u00e0 outils de micro-comp\u00e9tences peut grandement vous aider \u00e0 naviguer dans les d\u00e9fis quotidiens que vous rencontrerez dans un environnement professionnel. Avoir une <strong>plus grande conscience<\/strong> de ces dimensions, ainsi que de vous-m\u00eame et des d\u00e9fis auxquels vous pouvez \u00eatre confront\u00e9 vous permettra de choisir entre de nombreuses approches et options diff\u00e9rentes plus librement.<\/p>\n<p>&nbsp;<\/p>\n<p><iframe loading=\"lazy\" title=\"NEGS: Day-to-Day Negotiation (EN, English Subtitles)\" width=\"1200\" height=\"675\" src=\"https:\/\/www.youtube.com\/embed\/FnLoODW7-pg?list=PLR-B2JKxwWnwpKoOw9yoYX18emUOoe_MG\" frameborder=\"0\" allow=\"accelerometer; autoplay; clipboard-write; encrypted-media; gyroscope; picture-in-picture\" allowfullscreen><\/iframe><\/p>\n<p>&nbsp;<\/p>\n<p><span lang=\"EN-GB\">Outre la sensibilisation, plusieurs autres dimensions m\u00e9ritent une attention suppl\u00e9mentaire. <b>La confiance, <\/b>par exemple, est \u00e9galement un \u00e9l\u00e9ment cl\u00e9 crucial dans les n\u00e9gociations quotidiennes. \u00catre capable d\u2019\u00e9valuer une situation en toute confiance et de prendre des d\u00e9cisions sur la ligne de conduite la plus favorable est essentiel pour r\u00e9soudre les probl\u00e8mes. Cela est m\u00eame vrai lorsque ces probl\u00e8mes peuvent arriver compl\u00e8tement \u00e0 l\u2019improviste et <b>qu\u2019une action ad hoc <\/b>est n\u00e9cessaire. <\/span><\/p>\n<p>&nbsp;<\/p>\n<p><span lang=\"EN-GB\">Enfin, outre la confiance de votre propre c\u00f4t\u00e9, il est \u00e9galement crucial de pouvoir inspirer confiance \u00e0 vos partenaires de n\u00e9gociation: cr\u00e9er une ambiance mutuelle de confiance est beaucoup plus b\u00e9n\u00e9fique pour toutes les personnes impliqu\u00e9es que de favoriser un climat de manipulation. \u00catre conscient de toutes ces dimensions et avoir la chance d\u2019y travailler devrait grandement vous aider \u00e0 structurer vos actions et vous permettre de poursuivre votre d\u00e9veloppement.<\/span><\/p>\n<p>&nbsp;<\/p>\n<p>&nbsp;<\/p>\n<h3 style=\"text-align: center;\"><span style=\"color: #e14c2a;\"><strong>Inspirez confiance \u00e0 vos partenaires de n\u00e9gociation.<\/strong><\/span><\/h3>\n<p>&nbsp;<\/p>\n<h3><\/h3>\n<p>&nbsp;<\/p>\n<h2><span style=\"color: #ddc777;\">Qui est Serge ?<\/span><\/h2>\n<p style=\"padding-left: 40px;\"><span style=\"text-decoration: underline; color: #8aa27b;\"><strong><a style=\"color: #8aa27b; text-decoration: underline;\" href=\"https:\/\/aim-associes.com\/team\/serge-wynen\/\">Serge Wynen<\/a><\/strong><\/span> est l\u2019un de nos formateurs et coachs cl\u00e9s chez AIM &amp; Associ\u00e9s, il est passionn\u00e9 par la sensibilisation, l\u2019apprentissage et la confiance. Il donne la formation<a href=\"https:\/\/aim-associes.com\/course\/day-to-day-negotiation-online\/\"><span style=\"color: #2fabb9;\"><b><u>&#8220;la n\u00e9gociation quotidienne&#8221;<\/u><\/b><\/span><\/a>\u00e0 l&#8217;\u00c9cole europ\u00e9enne <span style=\"text-decoration: underline; color: #1f4653;\"><strong><a style=\"color: #1f4653; text-decoration: underline;\" href=\"https:\/\/europa.eu\/eas\/index_en.htm\">l&#8217;\u00c9cole europ\u00e9enne d&#8217;administration&#8221;.<\/a><\/strong><\/span><\/p>\n<p>&nbsp;<\/p>\n","protected":false},"excerpt":{"rendered":"<p>Il y a plusieurs dimensions \u00e0 une n\u00e9gociation. Prendre conscience de ces dimensions et ma\u00eetriser une bo\u00eete \u00e0 outils de micro-comp\u00e9tences peut grandement vous aider \u00e0 naviguer dans les d\u00e9fis quotidiens que vous rencontrerez dans un environnement professionnel. Avoir une plus grande conscience de ces dimensions, ainsi que de vous-m\u00eame et des d\u00e9fis auxquels vous [&hellip;]<\/p>\n","protected":false},"author":7,"featured_media":5072,"comment_status":"closed","ping_status":"open","sticky":false,"template":"","format":"standard","meta":{"_acf_changed":false,"footnotes":""},"categories":[964,965,992],"class_list":["post-5055","post","type-post","status-publish","format-standard","has-post-thumbnail","hentry","category-apprentissage","category-en-ligne","category-videos-fr"],"acf":[],"_links":{"self":[{"href":"https:\/\/aim-associes.com\/fr\/wp-json\/wp\/v2\/posts\/5055","targetHints":{"allow":["GET"]}}],"collection":[{"href":"https:\/\/aim-associes.com\/fr\/wp-json\/wp\/v2\/posts"}],"about":[{"href":"https:\/\/aim-associes.com\/fr\/wp-json\/wp\/v2\/types\/post"}],"author":[{"embeddable":true,"href":"https:\/\/aim-associes.com\/fr\/wp-json\/wp\/v2\/users\/7"}],"replies":[{"embeddable":true,"href":"https:\/\/aim-associes.com\/fr\/wp-json\/wp\/v2\/comments?post=5055"}],"version-history":[{"count":0,"href":"https:\/\/aim-associes.com\/fr\/wp-json\/wp\/v2\/posts\/5055\/revisions"}],"wp:featuredmedia":[{"embeddable":true,"href":"https:\/\/aim-associes.com\/fr\/wp-json\/wp\/v2\/media\/5072"}],"wp:attachment":[{"href":"https:\/\/aim-associes.com\/fr\/wp-json\/wp\/v2\/media?parent=5055"}],"wp:term":[{"taxonomy":"category","embeddable":true,"href":"https:\/\/aim-associes.com\/fr\/wp-json\/wp\/v2\/categories?post=5055"}],"curies":[{"name":"wp","href":"https:\/\/api.w.org\/{rel}","templated":true}]}}